[{"@context":"https:\/\/schema.org\/","@type":"Article","@id":"https:\/\/www.ioberon.cz\/opalovaci-kremy\/#Article","mainEntityOfPage":"https:\/\/www.ioberon.cz\/opalovaci-kremy\/","headline":"Opalovac\u00ed kr\u00e9my","name":"Opalovac\u00ed kr\u00e9my","description":"O opalov\u00e1n\u00ed se p\u00ed\u0161e snad ka\u017ed\u00fd rok p\u0159ed p\u0159\u00edchodem l\u00e9ta, p\u0159esto je\u0161t\u011b spousta \u017een i mu\u017e\u016f opalovac\u00ed kr\u00e9my st\u00e1le nepou\u017e\u00edv\u00e1, nehroz\u00ed jen nejhor\u0161\u00ed mo\u017en\u00e1 varianta, co\u017e je rakovina k\u016f\u017ee, ale poko\u017eku byste m\u011bli chr\u00e1nit i z jin\u00fdch d\u016fvod\u016f. &#8211;\u00a0\u00a0\u00a0\u00a0\u00a0\u00a0\u00a0 kv\u016fli p\u0159\u00edpadn\u00e9mu sp\u00e1len\u00ed, kter\u00e9 je docela bolestiv\u00e9, kdy\u017e jste vystaveni slune\u010dn\u00edm paprsk\u016fm, je\u0161t\u011b to nec\u00edt\u00edte, ale &hellip; <a href=\"https:\/\/www.ioberon.cz\/opalovaci-kremy\/\" class=\"more-link\">Pokra\u010dov\u00e1n\u00ed textu <span class=\"screen-reader-text\">Opalovac\u00ed kr\u00e9my<\/span> <span class=\"meta-nav\">&rarr;<\/span><\/a>","datePublished":"2025-02-26","dateModified":"2023-04-29","author":{"@type":"Person","@id":"https:\/\/www.ioberon.cz\/author\/#Person","name":"ioberon.cz\n","url":"https:\/\/www.ioberon.cz\/author\/","identifier":1,"image":{"@type":"ImageObject","@id":"https:\/\/secure.gravatar.com\/avatar\/325464d7e09ffe52889ba6983accc5cdb65d0a54acd9a25cd7e409bd3eba713a?s=96&d=mm&r=g","url":"https:\/\/secure.gravatar.com\/avatar\/325464d7e09ffe52889ba6983accc5cdb65d0a54acd9a25cd7e409bd3eba713a?s=96&d=mm&r=g","height":96,"width":96}},"publisher":{"@type":"Organization","name":"ioberon.cz","logo":{"@type":"ImageObject","@id":"\/logo.png","url":"\/logo.png","width":600,"height":60}},"image":{"@type":"ImageObject","@id":"https:\/\/www.ioberon.cz\/wp-content\/uploads\/img_a288117_w1891_t1498595338.jpg","url":"https:\/\/www.ioberon.cz\/wp-content\/uploads\/img_a288117_w1891_t1498595338.jpg","height":0,"width":0},"url":"https:\/\/www.ioberon.cz\/opalovaci-kremy\/","about":["Zbo\u017e\u00ed"],"wordCount":433,"articleBody":"O opalov\u00e1n\u00ed se p\u00ed\u0161e snad ka\u017ed\u00fd rok p\u0159ed p\u0159\u00edchodem l\u00e9ta, p\u0159esto je\u0161t\u011b spousta \u017een i mu\u017e\u016f opalovac\u00ed kr\u00e9my st\u00e1le nepou\u017e\u00edv\u00e1, nehroz\u00ed jen nejhor\u0161\u00ed mo\u017en\u00e1 varianta, co\u017e je rakovina k\u016f\u017ee, ale poko\u017eku byste m\u011bli chr\u00e1nit i z jin\u00fdch d\u016fvod\u016f.&#8211;\u00a0\u00a0\u00a0\u00a0\u00a0\u00a0\u00a0 kv\u016fli p\u0159\u00edpadn\u00e9mu sp\u00e1len\u00ed, kter\u00e9 je docela bolestiv\u00e9, kdy\u017e jste vystaveni slune\u010dn\u00edm paprsk\u016fm, je\u0161t\u011b to nec\u00edt\u00edte, ale ve\u010der se m\u016f\u017eete divit&#8211;\u00a0\u00a0\u00a0\u00a0\u00a0\u00a0\u00a0 pokud m\u00e1te sklon k pigmentov\u00fdm skvrn\u00e1m, nev\u00e1hejte se mazat opalovac\u00edm kr\u00e9mem, i kdy\u017e jdete t\u0159eba jen na proch\u00e1zku&#8211;\u00a0\u00a0\u00a0\u00a0\u00a0\u00a0\u00a0 dal\u0161\u00edm d\u016fvode je vznik vr\u00e1sek, p\u0159\u00edli\u0161n\u00e9 vystavov\u00e1n\u00ed slune\u010dn\u00edm paprsk\u016fm bez pat\u0159i\u010dn\u00e9 ochrany vznik vr\u00e1sek podporuje&#8211;\u00a0\u00a0\u00a0\u00a0\u00a0\u00a0\u00a0 opalovac\u00edm kr\u00e9mem v letn\u00edch m\u011bs\u00edc\u00edch pom\u00e1h\u00e1te, proto\u017ee j\u00ed z\u00e1rove\u0148 dod\u00e1v\u00e1te pot\u0159ebnou hydrataci, kterou p\u0159i slune\u010dn\u00edm z\u00e1\u0159en\u00ed pot\u0159ebuje, jen pro srovn\u00e1n\u00ed, po l\u00e9t\u011b m\u00e1 v\u011bt\u0161ina lid\u00ed vysu\u0161en\u00e9 vlasy, tak si p\u0159edstavte, co slune\u010dn\u00ed paprsky prov\u00e1d\u00ed s Va\u0161\u00ed poko\u017ekouA jak\u00fd opalovac\u00ed kr\u00e9m a podle \u010deho si m\u00e1te vybrat, kdy\u017e v ka\u017ed\u00e9 drogerii jsou jich pln\u00e9 pulty?Nejd\u0159\u00edve si mus\u00edte zjistit, jak\u00fd jste fototyp, to znamen\u00e1, jak dlouho byste vlastn\u011b v\u016fbec m\u011bli na slun\u00ed\u010dku b\u00fdt, jak rychle se opalujete, zda do hn\u011bda nebo do \u010dervena apod., jestli opalovac\u00ed prost\u0159edek bude ve form\u011b kr\u00e9mu, spreje nebo oleje, to u\u017e je na V\u00e1s, ale m\u011bl by b\u00fdt pro V\u00e1s ten spr\u00e1vn\u00fd, pokud sami nepozn\u00e1te, jak\u00fd fototyp jste, \u0159ekne V\u00e1m to ka\u017ed\u00fd dermatolog.V p\u0159\u00edpad\u011b, \u017ee vyb\u00edr\u00e1te ochrann\u00fd kr\u00e9m proti slunci, mus\u00ed b\u00fdt fotostabiln\u00ed. Filtry nesm\u011bj\u00ed b\u00fdt zni\u010deny sluncem a b\u00fdt po celou dobou vhodnou ochranou. Na p\u0159\u00edbalov\u00e9m let\u00e1ku nebo zezadu na kr\u00e9mu se m\u016f\u017eete do\u010d\u00edst, zda je kr\u00e9m nutn\u00e9 ka\u017ed\u00e9 t\u0159i hodiny obm\u011b\u0148ovat. Jde o p\u0159\u00edpravek s nestabiln\u00edmi filtry a nen\u00ed zcela vhodn\u00fd pro \u017e\u00e1dn\u00fd typ poko\u017eky.D\u011btskou poko\u017eku mus\u00edme chr\u00e1nit ze v\u0161eho nejv\u00edc.Pro d\u011bti mus\u00edme pou\u017e\u00edvat p\u0159\u00edpravky s ochrannou SPF alespo\u0148 15. Stejn\u011b tak by m\u011bly kr\u00e9my obsahovat velk\u00e9 mno\u017estv\u00ed mikropigment\u016f, \u010d\u00e1stice nepronikaj\u00ed do poko\u017eky a nezp\u016fsobuj\u00ed tak alergie.                                                                                                                                                                                                                                                                                                                                                                                        4\/5 - (10 votes)        "},{"@context":"https:\/\/schema.org\/","@type":"BreadcrumbList","itemListElement":[{"@type":"ListItem","position":1,"name":"Opalovac\u00ed kr\u00e9my","item":"https:\/\/www.ioberon.cz\/opalovaci-kremy\/#breadcrumbitem"}]}]