[{"@context":"https:\/\/schema.org\/","@type":"Blog","@id":"https:\/\/www.ioberon.cz#Blog","headline":"Ioberon","description":"\nPot\u0159ebovali byste opravdovou zm\u011bnu, kter\u00e1 by p\u0159ivedla nov\u00e9 klienty na va\u0161e pole podnik\u00e1n\u00ed? Sta\u010d\u00ed jedin\u00e9. PR, kter\u00e9 si nap\u00ed\u0161ete nebo nech\u00e1te napsat publikujte na na\u0161\u00ed specializovan\u00e9 str\u00e1nce a ur\u010dit\u011b nebudete litovat.","url":"https:\/\/www.ioberon.cz","hasPart":[{"@type":"Article","@id":"https:\/\/www.ioberon.cz\/inzerujte-take\/","headline":"Inzerujte tak\u00e9","url":"https:\/\/www.ioberon.cz\/inzerujte-take\/","datePublished":"2025-03-15","dateModified":"2025-03-15","mainEntityOfPage":"https:\/\/www.ioberon.cz\/inzerujte-take\/","author":{"@type":"Person","@id":"https:\/\/www.ioberon.cz\/author\/#Person","name":"ioberon.cz\n","url":"https:\/\/www.ioberon.cz\/author\/","identifier":1,"image":{"@type":"ImageObject","@id":"https:\/\/secure.gravatar.com\/avatar\/325464d7e09ffe52889ba6983accc5cdb65d0a54acd9a25cd7e409bd3eba713a?s=96&d=mm&r=g","url":"https:\/\/secure.gravatar.com\/avatar\/325464d7e09ffe52889ba6983accc5cdb65d0a54acd9a25cd7e409bd3eba713a?s=96&d=mm&r=g","height":96,"width":96}},"publisher":{"@type":"Organization","name":"ioberon.cz","logo":{"@type":"ImageObject","@id":"\/logo.png","url":"\/logo.png","width":600,"height":60}},"image":null,"wordCount":220,"keywords":null},{"@type":"Article","@id":"https:\/\/www.ioberon.cz\/okna-do-strech-toso-ideal-jsou-univerzalni\/","headline":"Okna do st\u0159ech Toso Ideal jsou univerz\u00e1ln\u00ed","url":"https:\/\/www.ioberon.cz\/okna-do-strech-toso-ideal-jsou-univerzalni\/","datePublished":"2025-03-08","dateModified":"2025-03-08","mainEntityOfPage":"https:\/\/www.ioberon.cz\/okna-do-strech-toso-ideal-jsou-univerzalni\/","author":{"@type":"Person","@id":"https:\/\/www.ioberon.cz\/author\/#Person","name":"ioberon.cz\n","url":"https:\/\/www.ioberon.cz\/author\/","identifier":1,"image":{"@type":"ImageObject","@id":"https:\/\/secure.gravatar.com\/avatar\/325464d7e09ffe52889ba6983accc5cdb65d0a54acd9a25cd7e409bd3eba713a?s=96&d=mm&r=g","url":"https:\/\/secure.gravatar.com\/avatar\/325464d7e09ffe52889ba6983accc5cdb65d0a54acd9a25cd7e409bd3eba713a?s=96&d=mm&r=g","height":96,"width":96}},"publisher":{"@type":"Organization","name":"ioberon.cz","logo":{"@type":"ImageObject","@id":"\/logo.png","url":"\/logo.png","width":600,"height":60}},"image":null,"wordCount":221,"keywords":null},{"@type":"Article","@id":"https:\/\/www.ioberon.cz\/snazite-se-vydelavat-vice-ale-v-nemoci-budete-mit-mene\/","headline":"Sna\u017e\u00edte se vyd\u011bl\u00e1vat v\u00edce, ale v nemoci budete m\u00edt m\u00e9n\u011b!","url":"https:\/\/www.ioberon.cz\/snazite-se-vydelavat-vice-ale-v-nemoci-budete-mit-mene\/","datePublished":"2025-02-28","dateModified":"2023-04-29","mainEntityOfPage":"https:\/\/www.ioberon.cz\/snazite-se-vydelavat-vice-ale-v-nemoci-budete-mit-mene\/","author":{"@type":"Person","@id":"https:\/\/www.ioberon.cz\/author\/#Person","name":"ioberon.cz\n","url":"https:\/\/www.ioberon.cz\/author\/","identifier":1,"image":{"@type":"ImageObject","@id":"https:\/\/secure.gravatar.com\/avatar\/325464d7e09ffe52889ba6983accc5cdb65d0a54acd9a25cd7e409bd3eba713a?s=96&d=mm&r=g","url":"https:\/\/secure.gravatar.com\/avatar\/325464d7e09ffe52889ba6983accc5cdb65d0a54acd9a25cd7e409bd3eba713a?s=96&d=mm&r=g","height":96,"width":96}},"publisher":{"@type":"Organization","name":"ioberon.cz","logo":{"@type":"ImageObject","@id":"\/logo.png","url":"\/logo.png","width":600,"height":60}},"image":{"@type":"ImageObject","@id":"https:\/\/www.ioberon.cz\/wp-content\/uploads\/img_a318959_w1891_t1529830337.png","url":"https:\/\/www.ioberon.cz\/wp-content\/uploads\/img_a318959_w1891_t1529830337.png","height":0,"width":0},"wordCount":4453,"keywords":null},{"@type":"Article","@id":"https:\/\/www.ioberon.cz\/na-co-byste-nemeli-zapomenout-pri-navsteve-parize\/","headline":"Na co byste nem\u011bli zapomenout p\u0159i n\u00e1v\u0161t\u011bv\u011b Pa\u0159\u00ed\u017ee?","url":"https:\/\/www.ioberon.cz\/na-co-byste-nemeli-zapomenout-pri-navsteve-parize\/","datePublished":"2025-02-28","dateModified":"2023-04-29","mainEntityOfPage":"https:\/\/www.ioberon.cz\/na-co-byste-nemeli-zapomenout-pri-navsteve-parize\/","author":{"@type":"Person","@id":"https:\/\/www.ioberon.cz\/author\/#Person","name":"ioberon.cz\n","url":"https:\/\/www.ioberon.cz\/author\/","identifier":1,"image":{"@type":"ImageObject","@id":"https:\/\/secure.gravatar.com\/avatar\/325464d7e09ffe52889ba6983accc5cdb65d0a54acd9a25cd7e409bd3eba713a?s=96&d=mm&r=g","url":"https:\/\/secure.gravatar.com\/avatar\/325464d7e09ffe52889ba6983accc5cdb65d0a54acd9a25cd7e409bd3eba713a?s=96&d=mm&r=g","height":96,"width":96}},"publisher":{"@type":"Organization","name":"ioberon.cz","logo":{"@type":"ImageObject","@id":"\/logo.png","url":"\/logo.png","width":600,"height":60}},"image":{"@type":"ImageObject","@id":"https:\/\/www.ioberon.cz\/wp-content\/uploads\/img_a307867_w1891_t1519072299.jpg","url":"https:\/\/www.ioberon.cz\/wp-content\/uploads\/img_a307867_w1891_t1519072299.jpg","height":0,"width":0},"wordCount":673,"keywords":null},{"@type":"Article","@id":"https:\/\/www.ioberon.cz\/proc-se-nevracet-k-expritelkyni\/","headline":"Pro\u010d se nevracet k exp\u0159\u00edtelkyni?","url":"https:\/\/www.ioberon.cz\/proc-se-nevracet-k-expritelkyni\/","datePublished":"2025-02-27","dateModified":"2023-04-29","mainEntityOfPage":"https:\/\/www.ioberon.cz\/proc-se-nevracet-k-expritelkyni\/","author":{"@type":"Person","@id":"https:\/\/www.ioberon.cz\/author\/#Person","name":"ioberon.cz\n","url":"https:\/\/www.ioberon.cz\/author\/","identifier":1,"image":{"@type":"ImageObject","@id":"https:\/\/secure.gravatar.com\/avatar\/325464d7e09ffe52889ba6983accc5cdb65d0a54acd9a25cd7e409bd3eba713a?s=96&d=mm&r=g","url":"https:\/\/secure.gravatar.com\/avatar\/325464d7e09ffe52889ba6983accc5cdb65d0a54acd9a25cd7e409bd3eba713a?s=96&d=mm&r=g","height":96,"width":96}},"publisher":{"@type":"Organization","name":"ioberon.cz","logo":{"@type":"ImageObject","@id":"\/logo.png","url":"\/logo.png","width":600,"height":60}},"image":{"@type":"ImageObject","@id":"https:\/\/www.ioberon.cz\/wp-content\/uploads\/img_a300999_w1891_t1511088046.jpg","url":"https:\/\/www.ioberon.cz\/wp-content\/uploads\/img_a300999_w1891_t1511088046.jpg","height":0,"width":0},"wordCount":504,"keywords":null},{"@type":"Article","@id":"https:\/\/www.ioberon.cz\/cestovani-do-zahranici-s-detmi\/","headline":"Cestov\u00e1n\u00ed do zahrani\u010d\u00ed s d\u011btmi","url":"https:\/\/www.ioberon.cz\/cestovani-do-zahranici-s-detmi\/","datePublished":"2025-02-27","dateModified":"2023-04-29","mainEntityOfPage":"https:\/\/www.ioberon.cz\/cestovani-do-zahranici-s-detmi\/","author":{"@type":"Person","@id":"https:\/\/www.ioberon.cz\/author\/#Person","name":"ioberon.cz\n","url":"https:\/\/www.ioberon.cz\/author\/","identifier":1,"image":{"@type":"ImageObject","@id":"https:\/\/secure.gravatar.com\/avatar\/325464d7e09ffe52889ba6983accc5cdb65d0a54acd9a25cd7e409bd3eba713a?s=96&d=mm&r=g","url":"https:\/\/secure.gravatar.com\/avatar\/325464d7e09ffe52889ba6983accc5cdb65d0a54acd9a25cd7e409bd3eba713a?s=96&d=mm&r=g","height":96,"width":96}},"publisher":{"@type":"Organization","name":"ioberon.cz","logo":{"@type":"ImageObject","@id":"\/logo.png","url":"\/logo.png","width":600,"height":60}},"image":{"@type":"ImageObject","@id":"https:\/\/www.ioberon.cz\/wp-content\/uploads\/img_a341457_w1891_t1554044009.jpg","url":"https:\/\/www.ioberon.cz\/wp-content\/uploads\/img_a341457_w1891_t1554044009.jpg","height":0,"width":0},"wordCount":4493,"keywords":null},{"@type":"Article","@id":"https:\/\/www.ioberon.cz\/sporit-s-vtipem\/","headline":"Spo\u0159it s vtipem","url":"https:\/\/www.ioberon.cz\/sporit-s-vtipem\/","datePublished":"2025-02-27","dateModified":"2023-04-29","mainEntityOfPage":"https:\/\/www.ioberon.cz\/sporit-s-vtipem\/","author":{"@type":"Person","@id":"https:\/\/www.ioberon.cz\/author\/#Person","name":"ioberon.cz\n","url":"https:\/\/www.ioberon.cz\/author\/","identifier":1,"image":{"@type":"ImageObject","@id":"https:\/\/secure.gravatar.com\/avatar\/325464d7e09ffe52889ba6983accc5cdb65d0a54acd9a25cd7e409bd3eba713a?s=96&d=mm&r=g","url":"https:\/\/secure.gravatar.com\/avatar\/325464d7e09ffe52889ba6983accc5cdb65d0a54acd9a25cd7e409bd3eba713a?s=96&d=mm&r=g","height":96,"width":96}},"publisher":{"@type":"Organization","name":"ioberon.cz","logo":{"@type":"ImageObject","@id":"\/logo.png","url":"\/logo.png","width":600,"height":60}},"image":{"@type":"ImageObject","@id":"https:\/\/www.ioberon.cz\/wp-content\/uploads\/img_a315965_w1891_t1526932763.jpg","url":"https:\/\/www.ioberon.cz\/wp-content\/uploads\/img_a315965_w1891_t1526932763.jpg","height":0,"width":0},"wordCount":530,"keywords":null},{"@type":"Article","@id":"https:\/\/www.ioberon.cz\/jak-vypada-spravna-udrzba-vozu\/","headline":"Jak vypad\u00e1 spr\u00e1vn\u00e1 \u00fadr\u017eba vozu?","url":"https:\/\/www.ioberon.cz\/jak-vypada-spravna-udrzba-vozu\/","datePublished":"2025-02-27","dateModified":"2023-04-29","mainEntityOfPage":"https:\/\/www.ioberon.cz\/jak-vypada-spravna-udrzba-vozu\/","author":{"@type":"Person","@id":"https:\/\/www.ioberon.cz\/author\/#Person","name":"ioberon.cz\n","url":"https:\/\/www.ioberon.cz\/author\/","identifier":1,"image":{"@type":"ImageObject","@id":"https:\/\/secure.gravatar.com\/avatar\/325464d7e09ffe52889ba6983accc5cdb65d0a54acd9a25cd7e409bd3eba713a?s=96&d=mm&r=g","url":"https:\/\/secure.gravatar.com\/avatar\/325464d7e09ffe52889ba6983accc5cdb65d0a54acd9a25cd7e409bd3eba713a?s=96&d=mm&r=g","height":96,"width":96}},"publisher":{"@type":"Organization","name":"ioberon.cz","logo":{"@type":"ImageObject","@id":"\/logo.png","url":"\/logo.png","width":600,"height":60}},"image":{"@type":"ImageObject","@id":"https:\/\/www.ioberon.cz\/wp-content\/uploads\/img_a310490_w1891_t1521448347.jpg","url":"https:\/\/www.ioberon.cz\/wp-content\/uploads\/img_a310490_w1891_t1521448347.jpg","height":0,"width":0},"wordCount":535,"keywords":null},{"@type":"Article","@id":"https:\/\/www.ioberon.cz\/nejznamejsi-nabidky-privydelku\/","headline":"Nejzn\u00e1m\u011bj\u0161\u00ed nab\u00eddky p\u0159iv\u00fdd\u011blk\u016f","url":"https:\/\/www.ioberon.cz\/nejznamejsi-nabidky-privydelku\/","datePublished":"2025-02-27","dateModified":"2023-04-29","mainEntityOfPage":"https:\/\/www.ioberon.cz\/nejznamejsi-nabidky-privydelku\/","author":{"@type":"Person","@id":"https:\/\/www.ioberon.cz\/author\/#Person","name":"ioberon.cz\n","url":"https:\/\/www.ioberon.cz\/author\/","identifier":1,"image":{"@type":"ImageObject","@id":"https:\/\/secure.gravatar.com\/avatar\/325464d7e09ffe52889ba6983accc5cdb65d0a54acd9a25cd7e409bd3eba713a?s=96&d=mm&r=g","url":"https:\/\/secure.gravatar.com\/avatar\/325464d7e09ffe52889ba6983accc5cdb65d0a54acd9a25cd7e409bd3eba713a?s=96&d=mm&r=g","height":96,"width":96}},"publisher":{"@type":"Organization","name":"ioberon.cz","logo":{"@type":"ImageObject","@id":"\/logo.png","url":"\/logo.png","width":600,"height":60}},"image":{"@type":"ImageObject","@id":"https:\/\/www.ioberon.cz\/wp-content\/uploads\/img_a314699_w1891_t1525723560.jpg","url":"https:\/\/www.ioberon.cz\/wp-content\/uploads\/img_a314699_w1891_t1525723560.jpg","height":0,"width":0},"wordCount":654,"keywords":null},{"@type":"Article","@id":"https:\/\/www.ioberon.cz\/zakazana-mena\/","headline":"Zak\u00e1zan\u00e1 m\u011bna","url":"https:\/\/www.ioberon.cz\/zakazana-mena\/","datePublished":"2025-02-27","dateModified":"2023-04-29","mainEntityOfPage":"https:\/\/www.ioberon.cz\/zakazana-mena\/","author":{"@type":"Person","@id":"https:\/\/www.ioberon.cz\/author\/#Person","name":"ioberon.cz\n","url":"https:\/\/www.ioberon.cz\/author\/","identifier":1,"image":{"@type":"ImageObject","@id":"https:\/\/secure.gravatar.com\/avatar\/325464d7e09ffe52889ba6983accc5cdb65d0a54acd9a25cd7e409bd3eba713a?s=96&d=mm&r=g","url":"https:\/\/secure.gravatar.com\/avatar\/325464d7e09ffe52889ba6983accc5cdb65d0a54acd9a25cd7e409bd3eba713a?s=96&d=mm&r=g","height":96,"width":96}},"publisher":{"@type":"Organization","name":"ioberon.cz","logo":{"@type":"ImageObject","@id":"\/logo.png","url":"\/logo.png","width":600,"height":60}},"image":{"@type":"ImageObject","@id":"https:\/\/www.ioberon.cz\/wp-content\/uploads\/img_a308191_w1891_t1519316861.png","url":"https:\/\/www.ioberon.cz\/wp-content\/uploads\/img_a308191_w1891_t1519316861.png","height":0,"width":0},"wordCount":472,"keywords":null}]},{"@context":"https:\/\/schema.org","@type":"WebSite","@id":"https:\/\/www.ioberon.cz\/#website","name":"Ioberon","url":"https:\/\/www.ioberon.cz","potentialAction":{"@type":"SearchAction","target":"https:\/\/www.ioberon.cz\/?s={search_term_string}","query-input":"required name=search_term_string"}}]